{"id":7213,"date":"2025-10-31T19:53:35","date_gmt":"2025-10-31T19:53:35","guid":{"rendered":"https:\/\/afos-stiftung.de\/?p=7213"},"modified":"2025-10-31T19:56:33","modified_gmt":"2025-10-31T19:56:33","slug":"fish-visayas-2-weitere-vier-jahre-fuer-nachhaltige-fischerei-auf-den-philippinen","status":"publish","type":"post","link":"https:\/\/afos-stiftung.de\/de\/fish-visayas-2-weitere-vier-jahre-fuer-nachhaltige-fischerei-auf-den-philippinen\/","title":{"rendered":"FISH Visayas 2: Weitere vier Jahre f\u00fcr nachhaltige Fischerei auf den Philippinen\u00a0"},"content":{"rendered":"\n<h3>Ende Juni 2025 ging die zweite Phase unseres Projekts FISH Visayas<strong>&nbsp;<\/strong>nach vier intensiven Jahren zu Ende \u2013 ein Meilenstein f\u00fcr die Kleinfischerei in den Central Visayas.<\/h3>\n\n\n\n<p>Mit 6,5 Millionen Einwohner\/innen z\u00e4hlt die Region zu den wirtschaftlich dynamischen, aber auch sozial herausgeforderten Teilen der Philippinen. Hier leistet die kommunale Fischerei einen entscheidenden Beitrag zu Ern\u00e4hrung und Einkommen, k\u00e4mpft aber gleichzeitig mit niedriger Produktivit\u00e4t, degradierten K\u00fcsten\u00f6kosystemen, illegaler Fischerei und unzureichender institutioneller Unterst\u00fctzung.&nbsp;<\/p>\n\n\n\n<p>Genau hier setzte FISH Visayas 2 an: Ziel war es, Fischerfamilien, kleine und mittlere Unternehmen (MSMEs) sowie lokale Beh\u00f6rden entlang der Wertsch\u00f6pfungsketten zu st\u00e4rken, Einkommen zu stabilisieren und die nachhaltige Nutzung der K\u00fcstenressourcen zu f\u00f6rdern.&nbsp;<\/p>\n\n\n\n<h3><strong>Was wir erreicht haben<\/strong><\/h3>\n\n\n\n<figure class=\"wp-block-image size-large\"><img loading=\"lazy\" width=\"1024\" height=\"576\" src=\"http:\/\/afos-stiftung.de\/wp-content\/uploads\/2025\/10\/1-1024x576.jpg\" alt=\"\" class=\"wp-image-7218\" srcset=\"https:\/\/afos-stiftung.de\/wp-content\/uploads\/2025\/10\/1-1024x576.jpg 1024w, https:\/\/afos-stiftung.de\/wp-content\/uploads\/2025\/10\/1-360x202.jpg 360w, https:\/\/afos-stiftung.de\/wp-content\/uploads\/2025\/10\/1-768x432.jpg 768w, https:\/\/afos-stiftung.de\/wp-content\/uploads\/2025\/10\/1.jpg 1366w\" sizes=\"(max-width: 1024px) 100vw, 1024px\" \/><figcaption>85.000 Mangrovensetzlinge wurden gepflanzt.<\/figcaption><\/figure>\n\n\n\n<p>Dank der Zusammenarbeit mit den <strong>Handelskammern von Cebu, Bohol und Siquijor, <\/strong>lokalen Regierungsstellen, Ministerien und Genossenschaften konnten wir handfeste Ergebnisse erzielen:&nbsp;<\/p>\n\n\n\n<ul><li><strong>9.872 Fischer\/innen<\/strong> wurden praxisnah geschult \u2013 zu Themen wie verantwortlichem Unternehmertum, Verarbeitung, nachhaltiger Ressourcennutzung und organisatorischer Entwicklung.&nbsp;<\/li><\/ul>\n\n\n\n<ul><li><strong>153 junge Menschen<\/strong> absolvierten erfolgreich eine duale Ausbildung in Kooperation mit Unternehmen und Bildungseinrichtungen.&nbsp;<\/li><\/ul>\n\n\n\n<ul><li><strong>5 neue Berufsprofile<\/strong> samt anerkannten Curricula wurden entwickelt und von Partnerunternehmen sowie Bildungsinstitutionen \u00fcbernommen.&nbsp;<\/li><\/ul>\n\n\n\n<ul><li><strong>14 innovative Produkte<\/strong> entstanden, die Fischereierzeugnisse haltbarer machen und die Wertsch\u00f6pfung steigern. Zwei institutionelle K\u00e4ufer haben bereits Vertr\u00e4ge mit Fischerorganisationen abgeschlossen, um den Markt f\u00fcr diese Produkte zu sichern.&nbsp;<\/li><\/ul>\n\n\n\n<ul><li><strong>124 Kleinunternehmen<\/strong> wurden im digitalen Marketing geschult, um ihre Produkte erfolgreich online zu vermarkten.&nbsp;<\/li><\/ul>\n\n\n\n<ul><li><strong>85.000 Mangrovensetzlinge<\/strong> wurden auf 24,6 Hektar gepflanzt \u2013 K\u00fcsten gesch\u00fctzt, Fischbest\u00e4nde gesichert, Lebensr\u00e4ume f\u00fcr Meerestiere geschaffen.&nbsp;<\/li><\/ul>\n\n\n\n<ul><li><strong>25 Meeresschutzgebiete<\/strong> erhielten Managementpl\u00e4ne, um die Meeresressourcen langfristig zu bewahren.&nbsp;<\/li><\/ul>\n\n\n\n<p>Dar\u00fcber hinaus wurden <strong>41 Multiplikator\/innen<\/strong> f\u00fcr Trainingsprogramme geschult, <strong>27 In-Company-Trainer zertifiziert<\/strong> und <strong>5 lokale Gemeinden<\/strong> unterst\u00fctzen nun regelm\u00e4\u00dfig K\u00fcstenreinigungen im Rahmen ihrer Abfallmanagementpl\u00e4ne.&nbsp;<\/p>\n\n\n\n<h3><strong><strong>Wirkung, die bleibt<\/strong><\/strong><\/h3>\n\n\n\n<p>FISH Visayas endet formal \u2013 doch die Wirkung ist nachhaltig: Neue Produkte, gest\u00e4rkte Strukturen, praxisnahes Wissen und ein Netzwerk motivierter Akteur\/innen bringen mehr Dynamik, Nachhaltigkeit und Unternehmertum in den Kleinfischerei-Sektor der Central Visayas.&nbsp;<\/p>\n\n\n\n<p><\/p>\n\n\n\n<figure class=\"wp-block-pullquote\"><blockquote><p>\u201eDie vier Jahre Zusammenarbeit haben gezeigt: Mit der richtigen Unterst\u00fctzung k\u00f6nnen Fischerfamilien und kleine Unternehmen nicht nur ihre Einkommenssituation verbessern, sondern auch aktiv zum Schutz der K\u00fcsten und Meere beitragen\u201c, sagt unser Projektteam.<\/p><\/blockquote><\/figure>\n\n\n\n<figure class=\"wp-block-image size-large\"><img loading=\"lazy\" width=\"1024\" height=\"576\" src=\"http:\/\/afos-stiftung.de\/wp-content\/uploads\/2025\/10\/3-1024x576.jpg\" alt=\"\" class=\"wp-image-7216\" srcset=\"https:\/\/afos-stiftung.de\/wp-content\/uploads\/2025\/10\/3-1024x576.jpg 1024w, https:\/\/afos-stiftung.de\/wp-content\/uploads\/2025\/10\/3-360x202.jpg 360w, https:\/\/afos-stiftung.de\/wp-content\/uploads\/2025\/10\/3-768x432.jpg 768w, https:\/\/afos-stiftung.de\/wp-content\/uploads\/2025\/10\/3.jpg 1366w\" sizes=\"(max-width: 1024px) 100vw, 1024px\" \/><figcaption>14 innovative Produkte wurden entwickelt, getoastetes Algenbrot.<\/figcaption><\/figure>\n","protected":false},"excerpt":{"rendered":"<p>Ende Juni 2025 ging die zweite Phase unseres Projekts FISH Visayas\u00a0nach vier intensiven Jahren zu Ende.<\/p>\n","protected":false},"author":4,"featured_media":7214,"comment_status":"closed","ping_status":"open","sticky":false,"template":"","format":"standard","meta":[],"categories":[28],"tags":[],"acf":[],"yoast_head":"<!-- This site is optimized with the Yoast SEO plugin v19.5.1 - https:\/\/yoast.com\/wordpress\/plugins\/seo\/ -->\n<title>FISH Visayas 2: Weitere vier Jahre f\u00fcr nachhaltige Fischerei auf den Philippinen\u00a0 - Afosfoundation<\/title>\n<meta name=\"description\" content=\"Ende Juni 2025 ging die zweite Phase unseres Projekts FISH Visayas\u00a0nach vier intensiven Jahren zu Ende\" \/>\n<meta name=\"robots\" content=\"index, follow, max-snippet:-1, max-image-preview:large, max-video-preview:-1\" \/>\n<link rel=\"canonical\" href=\"https:\/\/afos-stiftung.de\/de\/fish-visayas-2-weitere-vier-jahre-fuer-nachhaltige-fischerei-auf-den-philippinen\/\" \/>\n<meta property=\"og:locale\" content=\"de_DE\" \/>\n<meta property=\"og:type\" content=\"article\" \/>\n<meta property=\"og:title\" content=\"FISH Visayas 2: Weitere vier Jahre f\u00fcr nachhaltige Fischerei auf den Philippinen\u00a0 - Afosfoundation\" \/>\n<meta property=\"og:description\" content=\"Ende Juni 2025 ging die zweite Phase unseres Projekts FISH Visayas\u00a0nach vier intensiven Jahren zu Ende\" \/>\n<meta property=\"og:url\" content=\"https:\/\/afos-stiftung.de\/de\/fish-visayas-2-weitere-vier-jahre-fuer-nachhaltige-fischerei-auf-den-philippinen\/\" \/>\n<meta property=\"og:site_name\" content=\"Afosfoundation\" \/>\n<meta property=\"article:published_time\" content=\"2025-10-31T19:53:35+00:00\" \/>\n<meta property=\"article:modified_time\" content=\"2025-10-31T19:56:33+00:00\" \/>\n<meta name=\"author\" content=\"Daniela Tscherpel\" \/>\n<meta name=\"twitter:card\" content=\"summary_large_image\" \/>\n<meta name=\"twitter:image\" content=\"https:\/\/afos-stiftung.de\/wp-content\/uploads\/2025\/10\/5.jpg\" \/>\n<meta name=\"twitter:label1\" content=\"Verfasst von\" \/>\n\t<meta name=\"twitter:data1\" content=\"Daniela Tscherpel\" \/>\n\t<meta name=\"twitter:label2\" content=\"Gesch\u00e4tzte Lesezeit\" \/>\n\t<meta name=\"twitter:data2\" content=\"3 Minuten\" \/>\n<script type=\"application\/ld+json\" class=\"yoast-schema-graph\">{\"@context\":\"https:\/\/schema.org\",\"@graph\":[{\"@type\":\"Article\",\"@id\":\"https:\/\/afos-stiftung.de\/de\/fish-visayas-2-weitere-vier-jahre-fuer-nachhaltige-fischerei-auf-den-philippinen\/#article\",\"isPartOf\":{\"@id\":\"https:\/\/afos-stiftung.de\/de\/fish-visayas-2-weitere-vier-jahre-fuer-nachhaltige-fischerei-auf-den-philippinen\/\"},\"author\":{\"name\":\"Daniela Tscherpel\",\"@id\":\"https:\/\/afos-stiftung.de\/de\/#\/schema\/person\/7995b39fe814eb12265069943971bf8e\"},\"headline\":\"FISH Visayas 2: Weitere vier Jahre f\u00fcr nachhaltige Fischerei auf den Philippinen\u00a0\",\"datePublished\":\"2025-10-31T19:53:35+00:00\",\"dateModified\":\"2025-10-31T19:56:33+00:00\",\"mainEntityOfPage\":{\"@id\":\"https:\/\/afos-stiftung.de\/de\/fish-visayas-2-weitere-vier-jahre-fuer-nachhaltige-fischerei-auf-den-philippinen\/\"},\"wordCount\":390,\"publisher\":{\"@id\":\"https:\/\/afos-stiftung.de\/de\/#organization\"},\"articleSection\":[\"Unkategorisiert\"],\"inLanguage\":\"de-DE\"},{\"@type\":\"WebPage\",\"@id\":\"https:\/\/afos-stiftung.de\/de\/fish-visayas-2-weitere-vier-jahre-fuer-nachhaltige-fischerei-auf-den-philippinen\/\",\"url\":\"https:\/\/afos-stiftung.de\/de\/fish-visayas-2-weitere-vier-jahre-fuer-nachhaltige-fischerei-auf-den-philippinen\/\",\"name\":\"FISH Visayas 2: Weitere vier Jahre f\u00fcr nachhaltige Fischerei auf den Philippinen\u00a0 - Afosfoundation\",\"isPartOf\":{\"@id\":\"https:\/\/afos-stiftung.de\/de\/#website\"},\"datePublished\":\"2025-10-31T19:53:35+00:00\",\"dateModified\":\"2025-10-31T19:56:33+00:00\",\"description\":\"Ende Juni 2025 ging die zweite Phase unseres Projekts FISH Visayas\u00a0nach vier intensiven Jahren zu Ende\",\"breadcrumb\":{\"@id\":\"https:\/\/afos-stiftung.de\/de\/fish-visayas-2-weitere-vier-jahre-fuer-nachhaltige-fischerei-auf-den-philippinen\/#breadcrumb\"},\"inLanguage\":\"de-DE\",\"potentialAction\":[{\"@type\":\"ReadAction\",\"target\":[\"https:\/\/afos-stiftung.de\/de\/fish-visayas-2-weitere-vier-jahre-fuer-nachhaltige-fischerei-auf-den-philippinen\/\"]}]},{\"@type\":\"BreadcrumbList\",\"@id\":\"https:\/\/afos-stiftung.de\/de\/fish-visayas-2-weitere-vier-jahre-fuer-nachhaltige-fischerei-auf-den-philippinen\/#breadcrumb\",\"itemListElement\":[{\"@type\":\"ListItem\",\"position\":1,\"name\":\"Home\",\"item\":\"https:\/\/afos-stiftung.de\/de\/\"},{\"@type\":\"ListItem\",\"position\":2,\"name\":\"FISH Visayas 2: Weitere vier Jahre f\u00fcr nachhaltige Fischerei auf den Philippinen\u00a0\"}]},{\"@type\":\"WebSite\",\"@id\":\"https:\/\/afos-stiftung.de\/de\/#website\",\"url\":\"https:\/\/afos-stiftung.de\/de\/\",\"name\":\"Afosfoundation\",\"description\":\"Afosfoundation\",\"publisher\":{\"@id\":\"https:\/\/afos-stiftung.de\/de\/#organization\"},\"potentialAction\":[{\"@type\":\"SearchAction\",\"target\":{\"@type\":\"EntryPoint\",\"urlTemplate\":\"https:\/\/afos-stiftung.de\/de\/?s={search_term_string}\"},\"query-input\":\"required name=search_term_string\"}],\"inLanguage\":\"de-DE\"},{\"@type\":\"Organization\",\"@id\":\"https:\/\/afos-stiftung.de\/de\/#organization\",\"name\":\"Afosfoundation\",\"url\":\"https:\/\/afos-stiftung.de\/de\/\",\"sameAs\":[],\"logo\":{\"@type\":\"ImageObject\",\"inLanguage\":\"de-DE\",\"@id\":\"https:\/\/afos-stiftung.de\/de\/#\/schema\/logo\/image\/\",\"url\":\"https:\/\/afos-stiftung.de\/wp-content\/uploads\/2023\/02\/cropped-Logo-AFOS-Website-1-1.png\",\"contentUrl\":\"https:\/\/afos-stiftung.de\/wp-content\/uploads\/2023\/02\/cropped-Logo-AFOS-Website-1-1.png\",\"width\":300,\"height\":217,\"caption\":\"Afosfoundation\"},\"image\":{\"@id\":\"https:\/\/afos-stiftung.de\/de\/#\/schema\/logo\/image\/\"}},{\"@type\":\"Person\",\"@id\":\"https:\/\/afos-stiftung.de\/de\/#\/schema\/person\/7995b39fe814eb12265069943971bf8e\",\"name\":\"Daniela Tscherpel\",\"image\":{\"@type\":\"ImageObject\",\"inLanguage\":\"de-DE\",\"@id\":\"https:\/\/afos-stiftung.de\/de\/#\/schema\/person\/image\/\",\"url\":\"https:\/\/secure.gravatar.com\/avatar\/8a77892330cfdecb30d1dbae8f124b97?s=96&d=mm&r=g\",\"contentUrl\":\"https:\/\/secure.gravatar.com\/avatar\/8a77892330cfdecb30d1dbae8f124b97?s=96&d=mm&r=g\",\"caption\":\"Daniela Tscherpel\"},\"url\":\"https:\/\/afos-stiftung.de\/de\/author\/tscherpel\/\"}]}<\/script>\n<!-- \/ Yoast SEO plugin. -->","yoast_head_json":{"title":"FISH Visayas 2: Weitere vier Jahre f\u00fcr nachhaltige Fischerei auf den Philippinen\u00a0 - Afosfoundation","description":"Ende Juni 2025 ging die zweite Phase unseres Projekts FISH Visayas\u00a0nach vier intensiven Jahren zu Ende","robots":{"index":"index","follow":"follow","max-snippet":"max-snippet:-1","max-image-preview":"max-image-preview:large","max-video-preview":"max-video-preview:-1"},"canonical":"https:\/\/afos-stiftung.de\/de\/fish-visayas-2-weitere-vier-jahre-fuer-nachhaltige-fischerei-auf-den-philippinen\/","og_locale":"de_DE","og_type":"article","og_title":"FISH Visayas 2: Weitere vier Jahre f\u00fcr nachhaltige Fischerei auf den Philippinen\u00a0 - Afosfoundation","og_description":"Ende Juni 2025 ging die zweite Phase unseres Projekts FISH Visayas\u00a0nach vier intensiven Jahren zu Ende","og_url":"https:\/\/afos-stiftung.de\/de\/fish-visayas-2-weitere-vier-jahre-fuer-nachhaltige-fischerei-auf-den-philippinen\/","og_site_name":"Afosfoundation","article_published_time":"2025-10-31T19:53:35+00:00","article_modified_time":"2025-10-31T19:56:33+00:00","author":"Daniela Tscherpel","twitter_card":"summary_large_image","twitter_image":"https:\/\/afos-stiftung.de\/wp-content\/uploads\/2025\/10\/5.jpg","twitter_misc":{"Verfasst von":"Daniela Tscherpel","Gesch\u00e4tzte Lesezeit":"3 Minuten"},"schema":{"@context":"https:\/\/schema.org","@graph":[{"@type":"Article","@id":"https:\/\/afos-stiftung.de\/de\/fish-visayas-2-weitere-vier-jahre-fuer-nachhaltige-fischerei-auf-den-philippinen\/#article","isPartOf":{"@id":"https:\/\/afos-stiftung.de\/de\/fish-visayas-2-weitere-vier-jahre-fuer-nachhaltige-fischerei-auf-den-philippinen\/"},"author":{"name":"Daniela Tscherpel","@id":"https:\/\/afos-stiftung.de\/de\/#\/schema\/person\/7995b39fe814eb12265069943971bf8e"},"headline":"FISH Visayas 2: Weitere vier Jahre f\u00fcr nachhaltige Fischerei auf den Philippinen\u00a0","datePublished":"2025-10-31T19:53:35+00:00","dateModified":"2025-10-31T19:56:33+00:00","mainEntityOfPage":{"@id":"https:\/\/afos-stiftung.de\/de\/fish-visayas-2-weitere-vier-jahre-fuer-nachhaltige-fischerei-auf-den-philippinen\/"},"wordCount":390,"publisher":{"@id":"https:\/\/afos-stiftung.de\/de\/#organization"},"articleSection":["Unkategorisiert"],"inLanguage":"de-DE"},{"@type":"WebPage","@id":"https:\/\/afos-stiftung.de\/de\/fish-visayas-2-weitere-vier-jahre-fuer-nachhaltige-fischerei-auf-den-philippinen\/","url":"https:\/\/afos-stiftung.de\/de\/fish-visayas-2-weitere-vier-jahre-fuer-nachhaltige-fischerei-auf-den-philippinen\/","name":"FISH Visayas 2: Weitere vier Jahre f\u00fcr nachhaltige Fischerei auf den Philippinen\u00a0 - Afosfoundation","isPartOf":{"@id":"https:\/\/afos-stiftung.de\/de\/#website"},"datePublished":"2025-10-31T19:53:35+00:00","dateModified":"2025-10-31T19:56:33+00:00","description":"Ende Juni 2025 ging die zweite Phase unseres Projekts FISH Visayas\u00a0nach vier intensiven Jahren zu Ende","breadcrumb":{"@id":"https:\/\/afos-stiftung.de\/de\/fish-visayas-2-weitere-vier-jahre-fuer-nachhaltige-fischerei-auf-den-philippinen\/#breadcrumb"},"inLanguage":"de-DE","potentialAction":[{"@type":"ReadAction","target":["https:\/\/afos-stiftung.de\/de\/fish-visayas-2-weitere-vier-jahre-fuer-nachhaltige-fischerei-auf-den-philippinen\/"]}]},{"@type":"BreadcrumbList","@id":"https:\/\/afos-stiftung.de\/de\/fish-visayas-2-weitere-vier-jahre-fuer-nachhaltige-fischerei-auf-den-philippinen\/#breadcrumb","itemListElement":[{"@type":"ListItem","position":1,"name":"Home","item":"https:\/\/afos-stiftung.de\/de\/"},{"@type":"ListItem","position":2,"name":"FISH Visayas 2: Weitere vier Jahre f\u00fcr nachhaltige Fischerei auf den Philippinen\u00a0"}]},{"@type":"WebSite","@id":"https:\/\/afos-stiftung.de\/de\/#website","url":"https:\/\/afos-stiftung.de\/de\/","name":"Afosfoundation","description":"Afosfoundation","publisher":{"@id":"https:\/\/afos-stiftung.de\/de\/#organization"},"potentialAction":[{"@type":"SearchAction","target":{"@type":"EntryPoint","urlTemplate":"https:\/\/afos-stiftung.de\/de\/?s={search_term_string}"},"query-input":"required name=search_term_string"}],"inLanguage":"de-DE"},{"@type":"Organization","@id":"https:\/\/afos-stiftung.de\/de\/#organization","name":"Afosfoundation","url":"https:\/\/afos-stiftung.de\/de\/","sameAs":[],"logo":{"@type":"ImageObject","inLanguage":"de-DE","@id":"https:\/\/afos-stiftung.de\/de\/#\/schema\/logo\/image\/","url":"https:\/\/afos-stiftung.de\/wp-content\/uploads\/2023\/02\/cropped-Logo-AFOS-Website-1-1.png","contentUrl":"https:\/\/afos-stiftung.de\/wp-content\/uploads\/2023\/02\/cropped-Logo-AFOS-Website-1-1.png","width":300,"height":217,"caption":"Afosfoundation"},"image":{"@id":"https:\/\/afos-stiftung.de\/de\/#\/schema\/logo\/image\/"}},{"@type":"Person","@id":"https:\/\/afos-stiftung.de\/de\/#\/schema\/person\/7995b39fe814eb12265069943971bf8e","name":"Daniela Tscherpel","image":{"@type":"ImageObject","inLanguage":"de-DE","@id":"https:\/\/afos-stiftung.de\/de\/#\/schema\/person\/image\/","url":"https:\/\/secure.gravatar.com\/avatar\/8a77892330cfdecb30d1dbae8f124b97?s=96&d=mm&r=g","contentUrl":"https:\/\/secure.gravatar.com\/avatar\/8a77892330cfdecb30d1dbae8f124b97?s=96&d=mm&r=g","caption":"Daniela Tscherpel"},"url":"https:\/\/afos-stiftung.de\/de\/author\/tscherpel\/"}]}},"_links":{"self":[{"href":"https:\/\/afos-stiftung.de\/de\/wp-json\/wp\/v2\/posts\/7213"}],"collection":[{"href":"https:\/\/afos-stiftung.de\/de\/wp-json\/wp\/v2\/posts"}],"about":[{"href":"https:\/\/afos-stiftung.de\/de\/wp-json\/wp\/v2\/types\/post"}],"author":[{"embeddable":true,"href":"https:\/\/afos-stiftung.de\/de\/wp-json\/wp\/v2\/users\/4"}],"replies":[{"embeddable":true,"href":"https:\/\/afos-stiftung.de\/de\/wp-json\/wp\/v2\/comments?post=7213"}],"version-history":[{"count":2,"href":"https:\/\/afos-stiftung.de\/de\/wp-json\/wp\/v2\/posts\/7213\/revisions"}],"predecessor-version":[{"id":7221,"href":"https:\/\/afos-stiftung.de\/de\/wp-json\/wp\/v2\/posts\/7213\/revisions\/7221"}],"wp:featuredmedia":[{"embeddable":true,"href":"https:\/\/afos-stiftung.de\/de\/wp-json\/wp\/v2\/media\/7214"}],"wp:attachment":[{"href":"https:\/\/afos-stiftung.de\/de\/wp-json\/wp\/v2\/media?parent=7213"}],"wp:term":[{"taxonomy":"category","embeddable":true,"href":"https:\/\/afos-stiftung.de\/de\/wp-json\/wp\/v2\/categories?post=7213"},{"taxonomy":"post_tag","embeddable":true,"href":"https:\/\/afos-stiftung.de\/de\/wp-json\/wp\/v2\/tags?post=7213"}],"curies":[{"name":"wp","href":"https:\/\/api.w.org\/{rel}","templated":true}]}}